{"id":4724,"date":"2012-11-27T13:17:51","date_gmt":"2012-11-27T13:17:51","guid":{"rendered":"http:\/\/www.dyercheltenham.co.uk\/hu\/uncategorized-hu\/505\/"},"modified":"2017-01-31T15:51:20","modified_gmt":"2017-01-31T15:51:20","slug":"505","status":"publish","type":"post","link":"https:\/\/groupdyer.com\/hu\/2012-november-27\/505\/","title":{"rendered":"Dyer &#8211; Sok \u00e9v ut\u00e1n m\u00e9g mindig jelen"},"content":{"rendered":"<p>A Dyer a nemzetk\u00f6zi szinten \u00e9s az Egyes\u00fclt Kir\u00e1lys\u00e1gban is egyre er\u0151s\u00f6d\u0151 \u00e9p\u00edt\u00e9szeti tev\u00e9kenys\u00e9g\u00e9nek t\u00e1mogat\u00e1s\u00e1ra \u00faj irod\u00e1t hozott l\u00e9tre Budapesten.\u00a0A Dyer \u00e9vekkel ezel\u0151tt felismerte, hogy Magyarorsz\u00e1g jelent\u0151s sz\u00e1mban nevel ki nagyon tehets\u00e9ges, a k\u00e9szs\u00e9gek teljes palett\u00e1j\u00e1val rendelkez\u0151 \u00e9p\u00edt\u00e9szeket, akik rendk\u00edv\u00fcl k\u00e9pzettek a 3D-s sz\u00e1m\u00edt\u00f3g\u00e9pes ismeretek ter\u00e9n, \u00e9s j\u00e1rtasak az \u00e9p\u00fcletinform\u00e1ci\u00f3-modellez\u00e9sben (BIM).<\/p>\n<p>Domokos Bal\u00e1zs \u00e9s Deilinger Tam\u00e1s, a Dyer vezet\u0151 \u00e9p\u00edt\u00e9szei 2000 \u00e9s 2006 k\u00f6z\u00f6tt egy\u00fctt tanultak Budapesten, \u00e9s a Dyer \u00e9rt\u00e9krendj\u00e9vel \u00f6sszeegyeztethet\u0151 tervez\u00e9si filoz\u00f3fi\u00e1t \u00e9s munkamor\u00e1lt vallva c\u00e9g\u00fcnk sz\u00e1mtalan tekint\u00e9lyes oroszorsz\u00e1gi projektj\u00e9nek tervez\u00e9s\u00e9ben \u00e9s nemzetk\u00f6zi tervp\u00e1ly\u00e1zatokban vettek r\u00e9szt. Az \u00faj v\u00e1llalkoz\u00e1s ir\u00e1nti elk\u00f6telezetts\u00e9g jel\u00e9\u00fcl Tam\u00e1s Bal\u00e1zshoz csatlakozva k\u00edv\u00e1n seg\u00edteni a budapesti iroda vezet\u00e9s\u00e9ben \u00e9s b\u0151v\u00edt\u00e9s\u00e9ben, \u00e9s izgatottan v\u00e1rja az \u00faj feladatokat. Ehhez kih\u00edv\u00e1sokkal teli menetrendet \u00e1ll\u00edtott fel \u00f6nmaga sz\u00e1m\u00e1ra.<\/p>\n<p>Bal\u00e1zs \u00fagy v\u00e9li:<br \/>\n<em>\u201cA tal\u00e1lm\u00e1ny \u00e9s innovat\u00edv gondolkod\u00e1sm\u00f3d nagyon fontos ahhoz, hogy r\u00e1j\u00f6jj\u00fcnk, hogyan tudunk t\u00f6bbet, jobbat vagy m\u00e1st adni ahhoz k\u00e9pest, mint ami a kivitelez\u00e9shez felt\u00e9tlen\u00fcl sz\u00fcks\u00e9ges. Az \u00e9p\u00edt\u00e9szet gyorsan fejl\u0151dik &#8211; friss elm\u00e9kkel \u00e9s tapasztalt emberekkel k\u00f6zrem\u0171k\u00f6dve el tudjuk \u00e9rni c\u00e9ljainkat\u201d.<\/em><\/p>\n<p>Bal\u00e1zs G\u00e1bor D\u00e9nest, a hologr\u00e1fia feltal\u00e1l\u00e1s\u00e1\u00e9rt fizikai Nobel-d\u00edjjal elismert magyar\/brit fizikust \u00e9s villamosm\u00e9rn\u00f6k\u00f6t id\u00e9zte<em>:<\/em><em><br \/>\n\u201cA j\u00f6v\u0151t nem lehet el\u0151re megj\u00f3solni, de a j\u00f6v\u0151nket fel lehet tal\u00e1lni\u201d.<\/em><\/p>\n<p>A Dyer Budapest versenyk\u00e9pes alapk\u00f6lts\u00e9gei \u00e9s egyed\u00fcl\u00e1ll\u00f3 technol\u00f3giai k\u00e9pess\u00e9gei kell\u0151k\u00e9ppen felv\u00e9rtezik a Dyer v\u00e1llalatot, hogy a jelenlegi ki\u00e9lezett versenyt felv\u00e1llalva a legjobb \u00e9p\u00edt\u00e9sz irod\u00e1kkal vegye fel a versenyt. A Dyer igazgat\u00f3i a budapesti v\u00e1llalkoz\u00e1sra a c\u00e9g r\u00f6vid \u00e9s hossz\u00fa t\u00e1v\u00fa t\u00fal\u00e9l\u00e9si strat\u00e9gi\u00e1j\u00e1nak alapvet\u0151 elemek\u00e9nt tekintenek.<\/p>\n","protected":false},"excerpt":{"rendered":"<p>A Dyer a nemzetk\u00f6zi szinten \u00e9s az Egyes\u00fclt Kir\u00e1lys\u00e1gban is egyre er\u0151s\u00f6d\u0151 \u00e9p\u00edt\u00e9szeti tev\u00e9kenys\u00e9g\u00e9nek t\u00e1mogat\u00e1s\u00e1ra \u00faj irod\u00e1t hozott l\u00e9tre Budapesten.\u00a0A Dyer \u00e9vekkel ezel\u0151tt felismerte, hogy Magyarorsz\u00e1g jelent\u0151s sz\u00e1mban nevel ki nagyon tehets\u00e9ges, a k\u00e9szs\u00e9gek teljes palett\u00e1j\u00e1val rendelkez\u0151 \u00e9p\u00edt\u00e9szeket, akik rendk\u00edv\u00fcl k\u00e9pzettek a 3D-s sz\u00e1m\u00edt\u00f3g\u00e9pes ismeretek ter\u00e9n, \u00e9s j\u00e1rtasak az \u00e9p\u00fcletinform\u00e1ci\u00f3-modellez\u00e9sben (BIM). Domokos Bal\u00e1zs \u00e9s Deilinger Tam\u00e1s, a Dyer vezet\u0151 \u00e9p\u00edt\u00e9szei&#8230;<\/p>\n","protected":false},"author":1,"featured_media":2231,"comment_status":"closed","ping_status":"closed","sticky":false,"template":"","format":"standard","meta":[],"categories":[75],"tags":[],"aioseo_notices":[],"_links":{"self":[{"href":"https:\/\/groupdyer.com\/hu\/wp-json\/wp\/v2\/posts\/4724"}],"collection":[{"href":"https:\/\/groupdyer.com\/hu\/wp-json\/wp\/v2\/posts"}],"about":[{"href":"https:\/\/groupdyer.com\/hu\/wp-json\/wp\/v2\/types\/post"}],"author":[{"embeddable":true,"href":"https:\/\/groupdyer.com\/hu\/wp-json\/wp\/v2\/users\/1"}],"replies":[{"embeddable":true,"href":"https:\/\/groupdyer.com\/hu\/wp-json\/wp\/v2\/comments?post=4724"}],"version-history":[{"count":3,"href":"https:\/\/groupdyer.com\/hu\/wp-json\/wp\/v2\/posts\/4724\/revisions"}],"predecessor-version":[{"id":5408,"href":"https:\/\/groupdyer.com\/hu\/wp-json\/wp\/v2\/posts\/4724\/revisions\/5408"}],"wp:featuredmedia":[{"embeddable":true,"href":"https:\/\/groupdyer.com\/hu\/wp-json\/wp\/v2\/media\/2231"}],"wp:attachment":[{"href":"https:\/\/groupdyer.com\/hu\/wp-json\/wp\/v2\/media?parent=4724"}],"wp:term":[{"taxonomy":"category","embeddable":true,"href":"https:\/\/groupdyer.com\/hu\/wp-json\/wp\/v2\/categories?post=4724"},{"taxonomy":"post_tag","embeddable":true,"href":"https:\/\/groupdyer.com\/hu\/wp-json\/wp\/v2\/tags?post=4724"}],"curies":[{"name":"wp","href":"https:\/\/api.w.org\/{rel}","templated":true}]}}